{"id":18385,"date":"2026-08-12T14:26:41","date_gmt":"2026-08-12T18:26:41","guid":{"rendered":"https:\/\/sfioanevanghelistul.ca\/wordpress\/?p=18385"},"modified":"2026-08-12T14:26:41","modified_gmt":"2026-08-12T18:26:41","slug":"maica-domnului-si-versul-romanesc","status":"publish","type":"post","link":"https:\/\/sfioanevanghelistul.ca\/wordpress\/2026\/08\/12\/maica-domnului-si-versul-romanesc\/","title":{"rendered":"Maica Domnului \u0219i versul rom\u00e2nesc"},"content":{"rendered":"<p><\/p>\n<p style=\"text-align: justify;\"><a href=\"http:\/\/sfioanevanghelistul.ca\/wordpress\/wp-content\/uploads\/2026\/08\/Gradina-Maicii-Domnului-1024x576-1.jpg\"><img loading=\"lazy\" decoding=\"async\" class=\"size-full wp-image-18386 aligncenter\" src=\"http:\/\/sfioanevanghelistul.ca\/wordpress\/wp-content\/uploads\/2026\/08\/Gradina-Maicii-Domnului-1024x576-1.jpg\" alt=\"\" width=\"1024\" height=\"576\" srcset=\"https:\/\/sfioanevanghelistul.ca\/wordpress\/wp-content\/uploads\/2026\/08\/Gradina-Maicii-Domnului-1024x576-1.jpg 1024w, https:\/\/sfioanevanghelistul.ca\/wordpress\/wp-content\/uploads\/2026\/08\/Gradina-Maicii-Domnului-1024x576-1-300x169.jpg 300w, https:\/\/sfioanevanghelistul.ca\/wordpress\/wp-content\/uploads\/2026\/08\/Gradina-Maicii-Domnului-1024x576-1-768x432.jpg 768w\" sizes=\"auto, (max-width: 1024px) 100vw, 1024px\" \/><\/a>Sf\u00e2nta Fecioar\u0103 Maria, cea mai sf\u00e2nt\u0103 dintre femei, ca una care s-a \u00eenvrednicit de cinstea excep\u0163ional\u0103 de a-L na\u015fte cu trup pe Fiul lui Dumnezeu \u015fi M\u00e2ntuitorul lumii, este venerat\u0103 \u00een cultul ortodox drept cea dint\u00e2i \u015fi cea mai mare dintre to\u0163i sfin\u0163ii, fiind \u201emai cinstit\u0103 dec\u00e2t Heruvimii \u015fi mai m\u0103rit\u0103 f\u0103r\u0103 de asem\u0103nare dec\u00e2t Serafimii\u201d. Dac\u0103 imnologia ortodox\u0103 \u0219i, \u00een general, dogma bisericii r\u0103s\u0103ritene i-au consacrat spa\u021bii vaste, acela\u0219i lucru se poate afirma \u0219i c\u00e2nd ne referim la impactul avut de Maica Domnului asupra culturii universale \u0219i a celei na\u021bionale. Opere memorabile \u00een domeniul picturii, arhitecturii, muzicii, prozei i-au fost \u00eenchinate celei mai presus dec\u00e2t cerurile. Nici poezia rom\u00e2neasc\u0103 nu a r\u0103mas mai prejos: poeme remarcabile i s-au dedicat Fecioarei Maria, poe\u021bii rom\u00e2ni continu\u00e2nd lucrarea Sfin\u021bilor imnografi ai Bisericii, care au creat cele mai frumoase imnuri mariologice izvor\u00e2te dintr-o dragoste aparte fa\u021b\u0103 de N\u0103sc\u0103toarea de Dumnezeu.<\/p>\n<p style=\"text-align: justify;\">O succint\u0103 privire \u00een istoria lite\u00adraturii rom\u00e2ne ne \u00eenvedereaz\u0103 c\u0103 Maica Domnului a reprezentat \u0219i chiar reprezint\u0103 o tem\u0103 predilect\u0103 pentru toate perioadele, \u00eencep\u00e2nd cu primul poet al literaturii noastre, Sf\u00e2ntul Mitropolit Dosoftei, continu\u00e2nd cu cei din perioada pa\u0219optist\u0103, urma\u021bi de cei din celelalte curente \u0219i epoci literare, p\u00e2n\u0103 \u00een contemporaneitate. O cercetare sis\u00adtematic\u0103 a liricii rom\u00e2ne\u0219ti dedicate Maicii Domnului ne reliefeaz\u0103 o realitate de net\u0103g\u0103duit: personalitatea uria\u0219\u0103 a Fecioarei Maria a inspirat pe foarte mul\u021bi stihuitori care i-au dedicat memorabile crea\u021bii poetice. Literatura rom\u00e2n\u0103 abund\u0103 \u00eentr-o pleiad\u0103 \u00eentreag\u0103 de stihuitori ai celor sfinte, din mediul eclezial sau al celui mirenesc, care au pl\u0103smuit poezii prin care \u00ee\u0219i exprim\u0103 admira\u0163ia, o preacinstesc pe Sf\u00e2nta Fecioar\u0103, urm\u0103resc momente ale vie\u0163ii sale, inseparabil legate de Dumnezeies\u00adcul s\u0103u Fiu, Iisus Hristos, crea\u00ad\u021bii care con\u021bin ad\u00e2nci \u0219i smerite rug\u0103ciuni, dar \u0219i poeme \u00een care o invoc\u0103 timid sau discret ca privilegiat\u0103 a Cerului.<\/p>\n<p style=\"text-align: justify;\">Reg\u0103sim poe\u021bi cu manifest\u0103ri pioase fa\u021b\u0103 de N\u0103sc\u0103toarea de Dumnezeu, izvor\u00e2te din credin\u021b\u0103 \u0219i evlavie, din dragoste \u0219i recuno\u0219\u00adtin\u021b\u0103 (Mihai Eminescu, Zorica La\u021bcu \u2013 monahia Teodosia, Traian Dorz, Sf\u00e2ntul Ioan Iacob de la&nbsp;Neam\u0163, Mitropolitul Bartolomeu Anania, Ioan Alexandru). Unii po\u00ade\u021bi, inspira\u021bi \u0219i originali (Ion Pillat), au transferat toat\u0103 via\u021ba \u0219i petrecerea Mariei Fecioara pe p\u0103m\u00e2nt rom\u00e2nesc. Al\u021bii (Lucian Blaga), au dedicat Maicii Domnului poezii \u00een care au eviden\u021biat imensa personalitate a ei prin z\u0103mislirea \u0219i na\u0219terea M\u00e2ntuitorului lumii. Unii au avut \u00een aten\u021bie textul biblic, fiind tenta\u021bi de a p\u0103trunde misterul acestuia, de a-i valorifica straturile \u0219i substraturile de profunzime; al\u021bii s-au inspirat din propria credin\u021b\u0103, \u00eempletind-o cu rug\u0103ciunea \u0219i cu talentul versific\u0103rii. Pentru unii stihuitori, poezia cu caracter mariologic a constituit un simplu exer\u00adci\u00ad\u021biu de crea\u021bie, f\u0103r\u0103 a exprima co\u00adno\u00adta\u021bii spirituale sau note mistice. Unii poe\u021bi care au creat \u00een perioada comunist\u0103 nu \u0219i-au putut exprima \u00een mod direct credin\u021ba. De aceea, poeziile de inspira\u021bie religioas\u0103 scrise \u00een timpul regimului totalitar ateu reprezint\u0103 un binecuv\u00e2ntat rod al interioriz\u0103rii ad\u00e2nci \u0219i reflec\u00ad\u021biei, al echilibrului personal spiritual, al unei libert\u0103\u021bi interioare, c\u00e2\u0219\u00ad\u00adtigate prin smerenie \u0219i rug\u0103ciu\u00adne. Esen\u021bial este c\u0103, prin aceste stihuri, poe\u021bii \u0219i-au \u00eempletit rostirea cu respira\u021bia; c\u0103in\u021ba \u0219i ruga, evlavia \u0219i n\u0103dejdea \u2013 asemenea.<\/p>\n<p style=\"text-align: justify;\">Din punct de vedere liturgic, se poate observa \u00eenr\u00e2urirea imnografiei mariologice biserice\u0219ti \u00een poezia rom\u00e2neasc\u0103. Unii poe\u021bi, buni cunosc\u0103tori ai stihurilor inspirate ale Sfin\u021bilor P\u0103rin\u021bi, ai slujbelor biserice\u0219ti, s-au l\u0103sat inspira\u021bi de acestea, reg\u0103sind o parte din formulele liturgice consacrate \u00een textele crea\u021biilor lor. Al\u021bii, nu foarte buni cunosc\u0103tori ai ritualului ortodox \u0219i ai limbajului specific bisericesc, au z\u0103mislit unele stihuri riscante, chiar apropiate de ereziile veacurilor primare. Nu consider\u0103m a fi numaidec\u00e2t o inten\u021bie \u00een acest sens, ci mai degrab\u0103 ei au urm\u0103rit anumite licen\u021be poetice, rime, dec\u00e2t transmiterea unui mesaj apologetic sau polemic.<\/p>\n<p style=\"text-align: justify;\">Concluzion\u00e2nd, reverbera\u021bia cul\u00adtului Maicii Domnului \u00een poezia rom\u00e2neasc\u0103 este foarte puternic\u0103, eviden\u021biind aspecte ce sporesc evlavia \u0219i recuno\u0219tin\u021ba pe care noi le dator\u0103m N\u0103sc\u0103toarei de Dumnezeu. Cum praznicul Adormirii Maicii Domnului este aproape, s\u0103 l\u0103s\u0103m versul s\u0103 gl\u0103\u00adsuiasc\u0103:<\/p>\n<blockquote><p>Cum c\u0103dea \u00een sat amurgul peste-ogr\u0103zi \u015fi peste \u015fure,<\/p>\n<p>A ie\u015fit cu luna plin\u0103 Heruvimul din p\u0103dure.<\/p>\n<p>&nbsp;<\/p>\n<p>S-au speriat copii cu vite \u015fi-au \u0163ipat de spaima lui&#8230;<\/p>\n<p>Lini\u015ftit o lu\u0103 pe coast\u0103, pe sub plopii drumului.<\/p>\n<p>&nbsp;<\/p>\n<p>Au fo\u015fnit ca de furtun\u0103, f\u0103r\u0103 v\u00e2nt \u00een frunz\u0103 plopii.<\/p>\n<p>Luna tremur\u0103 devale roate mari \u00een iazul popii.<\/p>\n<p>&nbsp;<\/p>\n<p>D-a oprit la casa veche unde drumul face cruce,<\/p>\n<p>Cre\u015ftine\u015fte, la r\u0103sp\u00e2ntie, \u015fi-nt\u00e2rzie p\u00e2n\u2019 se duce.<\/p>\n<p>&nbsp;<\/p>\n<p>A b\u0103tut \u00een lemnul por\u0163ii de stejar, de dou\u0103 ori:<\/p>\n<p>Singur\u0103 se trase poarta \u015fi primi pe c\u0103l\u0103tor.<\/p>\n<p>&nbsp;<\/p>\n<p>C\u00e2inele url\u0103 odat\u0103 lung, apoi doar m\u00e2r\u00e2i \u2013<\/p>\n<p>Heruvimul pentru-at\u00e2ta \u00eens\u0103 pasul nu-\u015fi gr\u0103bi.<\/p>\n<p>Maica Domnului, ca-n vremuri, sta cu lucrul la fereastr\u0103;<\/p>\n<p>O trezi \u00een raza lunii, lin, aripa lui albastr\u0103.<\/p>\n<p>&nbsp;<\/p>\n<p>Str\u00e2nse ia \u00eenceput\u0103, toate grijile le str\u00e2nse,<\/p>\n<p>Str\u00e2nse zilele tr\u0103ite, cu \u015firag de lacrimi pl\u00e2nse.<\/p>\n<p>&nbsp;<\/p>\n<p>La icoane ea aprinse cuvios o lum\u00e2nare \u2013<\/p>\n<p>P\u00e2n\u0103-n temelii de suflet o cuprinse pace mare.<\/p>\n<p>&nbsp;<\/p>\n<p>Se-nchin\u0103 lui S\u00e2n Nicoar\u0103, lui S\u00e2n Ion, ei cel mai drag<\/p>\n<p>Se g\u00e2ndi la Fiu-n ceruri \u015fi la c\u00e2inele din prag.<\/p>\n<p>&nbsp;<\/p>\n<p>\u00ce\u015fi ud\u0103 ca totdeauna toate glastrele de nalb\u0103,<\/p>\n<p>Se g\u0103ti ca pentru noapte cu c\u0103ma\u015fa cea mai alb\u0103,<\/p>\n<p>&nbsp;<\/p>\n<p>Netezi cear\u015faful bine, s\u0103 nu fac\u0103 nici o cut\u0103<\/p>\n<p>P\u00e2nza inului curat\u0103 ca \u015fi via\u0163a ei trecut\u0103.<\/p>\n<p>&nbsp;<\/p>\n<p>Se culc\u0103 sfioas\u0103-n patu-i str\u00e2mt, ca pe o n\u0103s\u0103lie,<\/p>\n<p>\u015ei-adormi rug\u00e2nd pe Domnul, l\u00e2ng\u0103 Fiul ei s\u0103 fie.<\/p><\/blockquote>\n<p style=\"text-align: justify;\">(Ion Pillat, <em>Povestea Maicii Domnului, Adormirea<\/em>, \u00een volumul <em>Poezie cre\u015ftin\u0103 rom\u00e2neasc\u0103<\/em>, edi\u0163ie \u00eengrijit\u0103 de Magda Ursache \u015fi Petru Ursache, Editura Institutul European, Ia\u015fi, 1996, p. 198-199)<\/p>\n<p><\/p>","protected":false},"excerpt":{"rendered":"<p>Sf\u00e2nta Fecioar\u0103 Maria, cea mai sf\u00e2nt\u0103 dintre femei, ca una care s-a \u00eenvrednicit de cinstea excep\u0163ional\u0103 de a-L na\u015fte cu trup pe Fiul lui Dumnezeu \u015fi M\u00e2ntuitorul lumii, este venerat\u0103 \u00een cultul ortodox drept cea dint\u00e2i \u015fi cea mai mare dintre to\u0163i sfin\u0163ii, fiind \u201emai cinstit\u0103 dec\u00e2t Heruvimii \u015fi mai m\u0103rit\u0103 f\u0103r\u0103 de asem\u0103nare dec\u00e2t &hellip; <\/p>\n","protected":false},"author":3,"featured_media":0,"comment_status":"closed","ping_status":"closed","sticky":false,"template":"","format":"image","meta":{"ngg_post_thumbnail":0,"_jetpack_newsletter_access":"","_jetpack_dont_email_post_to_subs":false,"_jetpack_newsletter_tier_id":0,"_jetpack_memberships_contains_paywalled_content":false,"_jetpack_feature_clip_id":0,"_jetpack_memberships_contains_paid_content":false,"footnotes":"","jetpack_post_was_ever_published":false},"categories":[6,8],"tags":[],"class_list":["entry","post","publish","author-stefan","post-18385","format-image","category-minuni","category-sfinti-romani","post_format-post-format-image","has-format"],"jetpack_sharing_enabled":true,"jetpack_featured_media_url":"","_links":{"self":[{"href":"https:\/\/sfioanevanghelistul.ca\/wordpress\/wp-json\/wp\/v2\/posts\/18385","targetHints":{"allow":["GET"]}}],"collection":[{"href":"https:\/\/sfioanevanghelistul.ca\/wordpress\/wp-json\/wp\/v2\/posts"}],"about":[{"href":"https:\/\/sfioanevanghelistul.ca\/wordpress\/wp-json\/wp\/v2\/types\/post"}],"author":[{"embeddable":true,"href":"https:\/\/sfioanevanghelistul.ca\/wordpress\/wp-json\/wp\/v2\/users\/3"}],"replies":[{"embeddable":true,"href":"https:\/\/sfioanevanghelistul.ca\/wordpress\/wp-json\/wp\/v2\/comments?post=18385"}],"version-history":[{"count":1,"href":"https:\/\/sfioanevanghelistul.ca\/wordpress\/wp-json\/wp\/v2\/posts\/18385\/revisions"}],"predecessor-version":[{"id":18387,"href":"https:\/\/sfioanevanghelistul.ca\/wordpress\/wp-json\/wp\/v2\/posts\/18385\/revisions\/18387"}],"wp:attachment":[{"href":"https:\/\/sfioanevanghelistul.ca\/wordpress\/wp-json\/wp\/v2\/media?parent=18385"}],"wp:term":[{"taxonomy":"category","embeddable":true,"href":"https:\/\/sfioanevanghelistul.ca\/wordpress\/wp-json\/wp\/v2\/categories?post=18385"},{"taxonomy":"post_tag","embeddable":true,"href":"https:\/\/sfioanevanghelistul.ca\/wordpress\/wp-json\/wp\/v2\/tags?post=18385"}],"curies":[{"name":"wp","href":"https:\/\/api.w.org\/{rel}","templated":true}]}}